{"id":14973,"date":"2026-03-06T19:53:43","date_gmt":"2026-03-06T18:53:43","guid":{"rendered":"https:\/\/oti.unp.edu.pe\/?p=14973"},"modified":"2026-03-06T19:57:58","modified_gmt":"2026-03-06T18:57:58","slug":"foro-nacional-mas-alla-de-las-pantallas-sep-analiza-impacto-de-la-tecnologia-en-la-educacion-y-la-salud-mental","status":"publish","type":"post","link":"https:\/\/oti.unp.edu.pe\/?p=14973","title":{"rendered":"Foro nacional \u201cM\u00e1s all\u00e1 de las pantallas\u201d: SEP analiza impacto de la tecnolog\u00eda en la educaci\u00f3n y la salud mental"},"content":{"rendered":"\t\t<div data-elementor-type=\"wp-post\" data-elementor-id=\"14973\" class=\"elementor elementor-14973\">\n\t\t\t\t\t\t\t<div class=\"elementor-element elementor-element-ffb120b e-con-full e-flex e-con e-parent\" data-id=\"ffb120b\" data-element_type=\"container\" data-settings=\"{&quot;content_width&quot;:&quot;full&quot;}\" data-core-v316-plus=\"true\">\n\t\t\t\t<div class=\"elementor-element elementor-element-d6a12da elementor-widget elementor-widget-text-editor\" data-id=\"d6a12da\" data-element_type=\"widget\" data-widget_type=\"text-editor.default\">\n\t\t\t\t<div class=\"elementor-widget-container\">\n\t\t\t<style>\/*! elementor - v3.16.0 - 17-10-2023 *\/\n.elementor-widget-text-editor.elementor-drop-cap-view-stacked .elementor-drop-cap{background-color:#69727d;color:#fff}.elementor-widget-text-editor.elementor-drop-cap-view-framed .elementor-drop-cap{color:#69727d;border:3px solid;background-color:transparent}.elementor-widget-text-editor:not(.elementor-drop-cap-view-default) .elementor-drop-cap{margin-top:8px}.elementor-widget-text-editor:not(.elementor-drop-cap-view-default) .elementor-drop-cap-letter{width:1em;height:1em}.elementor-widget-text-editor .elementor-drop-cap{float:left;text-align:center;line-height:1;font-size:50px}.elementor-widget-text-editor .elementor-drop-cap-letter{display:inline-block}<\/style>\t\t\t\t<p><em><strong>Referencia: <\/strong><\/em><em><strong><a href=\"https:\/\/www.infobae.com\/mexico\/2026\/03\/04\/foro-nacional-mas-alla-de-las-pantallas-sep-analiza-impacto-de-la-tecnologia-en-la-educacion-y-la-salud-mental\/\" target=\"_blank\" rel=\"noopener\">Infobae<\/a><\/strong><\/em><\/p>\t\t\t\t\t\t<\/div>\n\t\t\t\t<\/div>\n\t\t\t\t<div class=\"elementor-element elementor-element-a2a4f18 elementor-widget elementor-widget-text-editor\" data-id=\"a2a4f18\" data-element_type=\"widget\" data-widget_type=\"text-editor.default\">\n\t\t\t\t<div class=\"elementor-widget-container\">\n\t\t\t\t\t\t\t<p>\u201cLa educaci\u00f3n es el coraz\u00f3n de la transformaci\u00f3n nacional\u201d, indic\u00f3 Mario Delgado, titular de la Secretar\u00eda de Educaci\u00f3n P\u00fablica ante la presentaci\u00f3n del proyecto<\/p>\t\t\t\t\t\t<\/div>\n\t\t\t\t<\/div>\n\t\t\t\t<div class=\"elementor-element elementor-element-ab19a4b elementor-widget elementor-widget-image\" data-id=\"ab19a4b\" data-element_type=\"widget\" data-widget_type=\"image.default\">\n\t\t\t\t<div class=\"elementor-widget-container\">\n\t\t\t<style>\/*! elementor - v3.16.0 - 17-10-2023 *\/\n.elementor-widget-image{text-align:center}.elementor-widget-image a{display:inline-block}.elementor-widget-image a img[src$=\".svg\"]{width:48px}.elementor-widget-image img{vertical-align:middle;display:inline-block}<\/style>\t\t\t\t\t\t\t\t\t\t\t\t<img decoding=\"async\" loading=\"lazy\" width=\"736\" height=\"414\" src=\"https:\/\/oti.unp.edu.pe\/wp-content\/uploads\/2026\/02\/Foro-nacional-Mas-alla-de-las-pantallas_-SEP-analiza-impacto-de-la-tecnologia-en-la-educacion-y-la-salud-mental-Infobae.jpg\" class=\"attachment-large size-large wp-image-14976\" alt=\"\" \/>\t\t\t\t\t\t\t\t\t\t\t\t\t\t\t<\/div>\n\t\t\t\t<\/div>\n\t\t\t\t<div class=\"elementor-element elementor-element-1bda8a6 elementor-widget elementor-widget-text-editor\" data-id=\"1bda8a6\" data-element_type=\"widget\" data-widget_type=\"text-editor.default\">\n\t\t\t\t<div class=\"elementor-widget-container\">\n\t\t\t\t\t\t\t<p>La Secretar\u00eda de Educaci\u00f3n P\u00fablica (SEP) inaugur\u00f3 el Foro Nacional \u201cM\u00e1s all\u00e1 de las pantallas: Impacto de las Tecnolog\u00edas Digitales en la Educaci\u00f3n y en la Salud Mental\u201d, un espacio donde se convoc\u00f3 a especialistas, acad\u00e9micos y organismos internacionales para analizar el efecto de la tecnolog\u00eda en el Sistema Educativo Nacional (SEN) y el bienestar emocional de los estudiantes.<\/p><p>La apertura estuvo encabezada por Mario Delgado Carrillo, titular de la SEP, quien subray\u00f3 que la educaci\u00f3n es el coraz\u00f3n de la transformaci\u00f3n nacional bajo el gobierno de la presidenta de la Rep\u00fablica, Claudia Sheinbaum Pardo.<\/p><p><b>Un enfoque integral: tecnolog\u00eda, bienestar y aprendizaje, informa la SEP<\/b><\/p><p>Durante la inauguraci\u00f3n, Delgado Carrillo destac\u00f3 que el uso de la tecnolog\u00eda en la educaci\u00f3n requiere una mirada profunda y responsable. Seg\u00fan informaci\u00f3n de la SEP, el foro se realiz\u00f3 en coordinaci\u00f3n con la Organizaci\u00f3n de las Naciones Unidas para la Educaci\u00f3n, la Ciencia y la Cultura (Unesco) y reuni\u00f3 a m\u00e1s de 250 asistentes en la sede hist\u00f3rica de la dependencia.<\/p><p>El secretario resalt\u00f3 que la prioridad de la SEP es consolidar la Nueva Escuela Mexicana (NEM), modelo educativo que impulsa comunidades de aprendizaje y promueve el humanismo, la empat\u00eda y la libertad como valores centrales.<\/p>\t\t\t\t\t\t<\/div>\n\t\t\t\t<\/div>\n\t\t\t\t<div class=\"elementor-element elementor-element-43eb565 elementor-widget elementor-widget-image\" data-id=\"43eb565\" data-element_type=\"widget\" data-widget_type=\"image.default\">\n\t\t\t\t<div class=\"elementor-widget-container\">\n\t\t\t\t\t\t\t\t\t\t\t\t\t\t\t<img decoding=\"async\" loading=\"lazy\" width=\"735\" height=\"708\" src=\"https:\/\/oti.unp.edu.pe\/wp-content\/uploads\/2026\/02\/Foro-nacional-Mas-alla-de-las-pantallas_-SEP-analiza-impacto-de-la-tecnologia-en-la-educacion-y-la-salud-mental-Infobae-1.jpg\" class=\"attachment-large size-large wp-image-14977\" alt=\"\" \/>\t\t\t\t\t\t\t\t\t\t\t\t\t\t\t<\/div>\n\t\t\t\t<\/div>\n\t\t\t\t<div class=\"elementor-element elementor-element-5aa49ba elementor-widget elementor-widget-text-editor\" data-id=\"5aa49ba\" data-element_type=\"widget\" data-widget_type=\"text-editor.default\">\n\t\t\t\t<div class=\"elementor-widget-container\">\n\t\t\t\t\t\t\t<p>De acuerdo con Delgado, la discusi\u00f3n debe ir desde el acceso a la conectividad hasta la apropiaci\u00f3n consciente de las nuevas tecnolog\u00edas, siempre con una perspectiva de alfabetizaci\u00f3n digital y pensamiento cr\u00edtico.<\/p><p>La Agenda Digital Educativa, impulsada por la NEM, propone el desarrollo de habilidades digitales, la innovaci\u00f3n educativa y el cierre de brechas de desigualdad.<\/p><p>\u201cNo buscamos regresar a una \u00e9poca previa a los dispositivos y las redes sociales, sino generar entornos m\u00e1s sanos, menos competitivos y m\u00e1s solidarios dentro y fuera de las escuelas\u201d, afirm\u00f3 Delgado Carrillo.<\/p><p>Seg\u00fan datos de la Unesco, 79 pa\u00edses aplican ya acciones para reglamentar el uso de tecnolog\u00edas en las aulas. El secretario enfatiz\u00f3 que el objetivo no es demonizar estas herramientas, sino comprender c\u00f3mo afectan el bienestar, desarrollo y aprendizaje de ni\u00f1as, ni\u00f1os, adolescentes y j\u00f3venes.<\/p><p><b>Riesgos, experiencias internacionales y propuestas<br \/>Riesgos detectados y experiencias compartidas<\/b><\/p><ul><li>Diversas iniciativas estatales han documentado que el uso constante y no regulado de dispositivos puede afectar la concentraci\u00f3n y el rendimiento acad\u00e9mico, as\u00ed como la convivencia escolar.<\/li><li>Se identifican riesgos digitales como ciberacoso, grooming, sexting, exposici\u00f3n a contenidos inapropiados y violencia digital.<\/li><li>Paola Cicero Arenas, de la Unesco en M\u00e9xico, advirti\u00f3 sobre riesgos cognitivos y socioemocionales derivados del uso excesivo, como afectaciones a la memoria y la atenci\u00f3n.<\/li><li>La representante propuso una pol\u00edtica integral basada en evidencia, \u00e9tica y alfabetizaci\u00f3n algor\u00edtmica, priorizando el bienestar humano.<\/li><\/ul><p><strong>Experiencia internacional: el caso de Australia<\/strong><\/p><ul><li>Alia Imtoual, consejera de Educaci\u00f3n de la Embajada de Australia en M\u00e9xico, explic\u00f3 que Australia combina liderazgo nacional y estatal para priorizar calidad docente, bienestar estudiantil y seguridad digital.<\/li><li>En 2024, Australia aprob\u00f3 una ley que proh\u00edbe el acceso a redes sociales a menores de 16 a\u00f1os y exige verificaci\u00f3n de edad a plataformas como TikTok, Instagram y Snapchat.<\/li><li>Con estas medidas, se han reportado mejoras en el clima escolar, menor acoso y mayor interacci\u00f3n social.<\/li><\/ul>\t\t\t\t\t\t<\/div>\n\t\t\t\t<\/div>\n\t\t\t\t<div class=\"elementor-element elementor-element-7f85196 elementor-widget elementor-widget-image\" data-id=\"7f85196\" data-element_type=\"widget\" data-widget_type=\"image.default\">\n\t\t\t\t<div class=\"elementor-widget-container\">\n\t\t\t\t\t\t\t\t\t\t\t\t\t\t\t<img decoding=\"async\" loading=\"lazy\" width=\"735\" height=\"490\" src=\"https:\/\/oti.unp.edu.pe\/wp-content\/uploads\/2026\/02\/Foro-nacional-Mas-alla-de-las-pantallas_-SEP-analiza-impacto-de-la-tecnologia-en-la-educacion-y-la-salud-mental-Infobae-2.jpg\" class=\"attachment-large size-large wp-image-14978\" alt=\"\" \/>\t\t\t\t\t\t\t\t\t\t\t\t\t\t\t<\/div>\n\t\t\t\t<\/div>\n\t\t\t\t<div class=\"elementor-element elementor-element-e709121 elementor-widget elementor-widget-text-editor\" data-id=\"e709121\" data-element_type=\"widget\" data-widget_type=\"text-editor.default\">\n\t\t\t\t<div class=\"elementor-widget-container\">\n\t\t\t\t\t\t\t<p><b>Datos sobre M\u00e9xico: uso y consecuencias<\/b><\/p><ul><li>Seg\u00fan Cimenna Chao Rebolledo, directora de Innovaci\u00f3n Educativa de la Universidad Iberoamericana, ni\u00f1as, ni\u00f1os y j\u00f3venes destinan en promedio 5.7 horas diarias al uso de dispositivos y redes sociales.<\/li><li>Al menos 13% de adolescentes vive con trastornos psicol\u00f3gicos diagnosticados y hasta 25% experimenta soledad no deseada.<\/li><li>En entornos hiperconectados, la desinformaci\u00f3n y los riesgos digitales pueden amplificar vulnerabilidades ya existentes.<\/li><li>Mar\u00eda Elena Medina-Mora, de la UNAM, advirti\u00f3 que la demanda de atenci\u00f3n psicol\u00f3gica crece entre preparatorias y universidades, y que el uso inadecuado de la tecnolog\u00eda puede incrementar adicciones y problemas de salud mental.<\/li><\/ul>\t\t\t\t\t\t<\/div>\n\t\t\t\t<\/div>\n\t\t\t\t<div class=\"elementor-element elementor-element-9f8c338 elementor-widget elementor-widget-image\" data-id=\"9f8c338\" data-element_type=\"widget\" data-widget_type=\"image.default\">\n\t\t\t\t<div class=\"elementor-widget-container\">\n\t\t\t\t\t\t\t\t\t\t\t\t\t\t\t<img decoding=\"async\" loading=\"lazy\" width=\"735\" height=\"490\" src=\"https:\/\/oti.unp.edu.pe\/wp-content\/uploads\/2026\/02\/Foro-nacional-Mas-alla-de-las-pantallas_-SEP-analiza-impacto-de-la-tecnologia-en-la-educacion-y-la-salud-mental-Infobae-3.jpg\" class=\"attachment-large size-large wp-image-14979\" alt=\"\" \/>\t\t\t\t\t\t\t\t\t\t\t\t\t\t\t<\/div>\n\t\t\t\t<\/div>\n\t\t\t\t<div class=\"elementor-element elementor-element-d077a8e elementor-widget elementor-widget-text-editor\" data-id=\"d077a8e\" data-element_type=\"widget\" data-widget_type=\"text-editor.default\">\n\t\t\t\t<div class=\"elementor-widget-container\">\n\t\t\t\t\t\t\t<p><strong>El foro en detalle<\/strong><\/p><p>Durante el foro, se llevar\u00e1n a cabo tres mesas tem\u00e1ticas encabezadas por autoridades de educaci\u00f3n b\u00e1sica, media superior y superior.<\/p><p>Se abordar\u00e1n temas como el uso reflexivo de la tecnolog\u00eda, su impacto en juventudes y la vida frente a las pantallas, con la participaci\u00f3n de la subsecretaria Ang\u00e9lica Noem\u00ed Ju\u00e1rez P\u00e9rez, la subsecretaria Tania Rodr\u00edguez Mora y el subsecretario Ricardo Villanueva Lomel\u00ed.<\/p>\t\t\t\t\t\t<\/div>\n\t\t\t\t<\/div>\n\t\t\t\t<\/div>\n\t\t\t\t\t\t\t<\/div>\n\t\t","protected":false},"excerpt":{"rendered":"<p>Referencia: Infobae \u201cLa educaci\u00f3n es el coraz\u00f3n de la transformaci\u00f3n<\/p>\n","protected":false},"author":1,"featured_media":14976,"comment_status":"closed","ping_status":"open","sticky":false,"template":"","format":"standard","meta":{"footnotes":""},"categories":[48,5],"tags":[],"yoast_head":"<!-- This site is optimized with the Yoast SEO plugin v23.4 - https:\/\/yoast.com\/wordpress\/plugins\/seo\/ -->\n<title>Foro nacional \u201cM\u00e1s all\u00e1 de las pantallas\u201d: SEP analiza impacto de la tecnolog\u00eda en la educaci\u00f3n y la salud mental - Oficina de Tecnolog\u00eda de Informaci\u00f3n<\/title>\n<meta name=\"robots\" content=\"index, follow, max-snippet:-1, max-image-preview:large, max-video-preview:-1\" \/>\n<link rel=\"canonical\" href=\"https:\/\/oti.unp.edu.pe\/?p=14973\" \/>\n<meta property=\"og:locale\" content=\"es_ES\" \/>\n<meta property=\"og:type\" content=\"article\" \/>\n<meta property=\"og:title\" content=\"Foro nacional \u201cM\u00e1s all\u00e1 de las pantallas\u201d: SEP analiza impacto de la tecnolog\u00eda en la educaci\u00f3n y la salud mental - Oficina de Tecnolog\u00eda de Informaci\u00f3n\" \/>\n<meta property=\"og:description\" content=\"Referencia: Infobae \u201cLa educaci\u00f3n es el coraz\u00f3n de la transformaci\u00f3n\" \/>\n<meta property=\"og:url\" content=\"https:\/\/oti.unp.edu.pe\/?p=14973\" \/>\n<meta property=\"og:site_name\" content=\"Oficina de Tecnolog\u00eda de Informaci\u00f3n\" \/>\n<meta property=\"article:published_time\" content=\"2026-03-06T18:53:43+00:00\" \/>\n<meta property=\"article:modified_time\" content=\"2026-03-06T18:57:58+00:00\" \/>\n<meta property=\"og:image\" content=\"https:\/\/oti.unp.edu.pe\/wp-content\/uploads\/2026\/02\/Foro-nacional-Mas-alla-de-las-pantallas_-SEP-analiza-impacto-de-la-tecnologia-en-la-educacion-y-la-salud-mental-Infobae.jpg\" \/>\n\t<meta property=\"og:image:width\" content=\"736\" \/>\n\t<meta property=\"og:image:height\" content=\"414\" \/>\n\t<meta property=\"og:image:type\" content=\"image\/jpeg\" \/>\n<meta name=\"author\" content=\"desarrollo\" \/>\n<meta name=\"twitter:card\" content=\"summary_large_image\" \/>\n<meta name=\"twitter:label1\" content=\"Escrito por\" \/>\n\t<meta name=\"twitter:data1\" content=\"desarrollo\" \/>\n\t<meta name=\"twitter:label2\" content=\"Tiempo de lectura\" \/>\n\t<meta name=\"twitter:data2\" content=\"5 minutos\" \/>\n<script type=\"application\/ld+json\" class=\"yoast-schema-graph\">{\"@context\":\"https:\/\/schema.org\",\"@graph\":[{\"@type\":\"Article\",\"@id\":\"https:\/\/oti.unp.edu.pe\/?p=14973#article\",\"isPartOf\":{\"@id\":\"https:\/\/oti.unp.edu.pe\/?p=14973\"},\"author\":{\"name\":\"desarrollo\",\"@id\":\"https:\/\/oti.unp.edu.pe\/#\/schema\/person\/cd1a72f9fc6e687ed893287bdf45a99c\"},\"headline\":\"Foro nacional \u201cM\u00e1s all\u00e1 de las pantallas\u201d: SEP analiza impacto de la tecnolog\u00eda en la educaci\u00f3n y la salud mental\",\"datePublished\":\"2026-03-06T18:53:43+00:00\",\"dateModified\":\"2026-03-06T18:57:58+00:00\",\"mainEntityOfPage\":{\"@id\":\"https:\/\/oti.unp.edu.pe\/?p=14973\"},\"wordCount\":803,\"publisher\":{\"@id\":\"https:\/\/oti.unp.edu.pe\/#organization\"},\"image\":{\"@id\":\"https:\/\/oti.unp.edu.pe\/?p=14973#primaryimage\"},\"thumbnailUrl\":\"https:\/\/oti.unp.edu.pe\/wp-content\/uploads\/2026\/02\/Foro-nacional-Mas-alla-de-las-pantallas_-SEP-analiza-impacto-de-la-tecnologia-en-la-educacion-y-la-salud-mental-Infobae.jpg\",\"articleSection\":[\"Educaci\u00f3n y Capacitaci\u00f3n\",\"Tecnolog\u00eda\"],\"inLanguage\":\"es\"},{\"@type\":\"WebPage\",\"@id\":\"https:\/\/oti.unp.edu.pe\/?p=14973\",\"url\":\"https:\/\/oti.unp.edu.pe\/?p=14973\",\"name\":\"Foro nacional \u201cM\u00e1s all\u00e1 de las pantallas\u201d: SEP analiza impacto de la tecnolog\u00eda en la educaci\u00f3n y la salud mental - Oficina de Tecnolog\u00eda de Informaci\u00f3n\",\"isPartOf\":{\"@id\":\"https:\/\/oti.unp.edu.pe\/#website\"},\"primaryImageOfPage\":{\"@id\":\"https:\/\/oti.unp.edu.pe\/?p=14973#primaryimage\"},\"image\":{\"@id\":\"https:\/\/oti.unp.edu.pe\/?p=14973#primaryimage\"},\"thumbnailUrl\":\"https:\/\/oti.unp.edu.pe\/wp-content\/uploads\/2026\/02\/Foro-nacional-Mas-alla-de-las-pantallas_-SEP-analiza-impacto-de-la-tecnologia-en-la-educacion-y-la-salud-mental-Infobae.jpg\",\"datePublished\":\"2026-03-06T18:53:43+00:00\",\"dateModified\":\"2026-03-06T18:57:58+00:00\",\"breadcrumb\":{\"@id\":\"https:\/\/oti.unp.edu.pe\/?p=14973#breadcrumb\"},\"inLanguage\":\"es\",\"potentialAction\":[{\"@type\":\"ReadAction\",\"target\":[\"https:\/\/oti.unp.edu.pe\/?p=14973\"]}]},{\"@type\":\"ImageObject\",\"inLanguage\":\"es\",\"@id\":\"https:\/\/oti.unp.edu.pe\/?p=14973#primaryimage\",\"url\":\"https:\/\/oti.unp.edu.pe\/wp-content\/uploads\/2026\/02\/Foro-nacional-Mas-alla-de-las-pantallas_-SEP-analiza-impacto-de-la-tecnologia-en-la-educacion-y-la-salud-mental-Infobae.jpg\",\"contentUrl\":\"https:\/\/oti.unp.edu.pe\/wp-content\/uploads\/2026\/02\/Foro-nacional-Mas-alla-de-las-pantallas_-SEP-analiza-impacto-de-la-tecnologia-en-la-educacion-y-la-salud-mental-Infobae.jpg\",\"width\":736,\"height\":414},{\"@type\":\"BreadcrumbList\",\"@id\":\"https:\/\/oti.unp.edu.pe\/?p=14973#breadcrumb\",\"itemListElement\":[{\"@type\":\"ListItem\",\"position\":1,\"name\":\"Portada\",\"item\":\"https:\/\/oti.unp.edu.pe\/\"},{\"@type\":\"ListItem\",\"position\":2,\"name\":\"Foro nacional \u201cM\u00e1s all\u00e1 de las pantallas\u201d: SEP analiza impacto de la tecnolog\u00eda en la educaci\u00f3n y la salud mental\"}]},{\"@type\":\"WebSite\",\"@id\":\"https:\/\/oti.unp.edu.pe\/#website\",\"url\":\"https:\/\/oti.unp.edu.pe\/\",\"name\":\"Oficina de Tecnolog\u00eda de Informaci\u00f3n\",\"description\":\"\",\"publisher\":{\"@id\":\"https:\/\/oti.unp.edu.pe\/#organization\"},\"potentialAction\":[{\"@type\":\"SearchAction\",\"target\":{\"@type\":\"EntryPoint\",\"urlTemplate\":\"https:\/\/oti.unp.edu.pe\/?s={search_term_string}\"},\"query-input\":{\"@type\":\"PropertyValueSpecification\",\"valueRequired\":true,\"valueName\":\"search_term_string\"}}],\"inLanguage\":\"es\"},{\"@type\":\"Organization\",\"@id\":\"https:\/\/oti.unp.edu.pe\/#organization\",\"name\":\"Oficina de Tecnolog\u00eda de Informaci\u00f3n\",\"url\":\"https:\/\/oti.unp.edu.pe\/\",\"logo\":{\"@type\":\"ImageObject\",\"inLanguage\":\"es\",\"@id\":\"https:\/\/oti.unp.edu.pe\/#\/schema\/logo\/image\/\",\"url\":\"https:\/\/oti.unp.edu.pe\/wp-content\/uploads\/2025\/01\/Google_org-Accelerator_-Generative-AI-abre-convocatoria-global-para-proyectos-de-IA-generativa-Exitosa-Noticias.jpg\",\"contentUrl\":\"https:\/\/oti.unp.edu.pe\/wp-content\/uploads\/2025\/01\/Google_org-Accelerator_-Generative-AI-abre-convocatoria-global-para-proyectos-de-IA-generativa-Exitosa-Noticias.jpg\",\"width\":736,\"height\":385,\"caption\":\"Oficina de Tecnolog\u00eda de Informaci\u00f3n\"},\"image\":{\"@id\":\"https:\/\/oti.unp.edu.pe\/#\/schema\/logo\/image\/\"}},{\"@type\":\"Person\",\"@id\":\"https:\/\/oti.unp.edu.pe\/#\/schema\/person\/cd1a72f9fc6e687ed893287bdf45a99c\",\"name\":\"desarrollo\",\"image\":{\"@type\":\"ImageObject\",\"inLanguage\":\"es\",\"@id\":\"https:\/\/oti.unp.edu.pe\/#\/schema\/person\/image\/\",\"url\":\"https:\/\/secure.gravatar.com\/avatar\/b427551bf20fc881b31393ff4e3d669c?s=96&d=mm&r=g\",\"contentUrl\":\"https:\/\/secure.gravatar.com\/avatar\/b427551bf20fc881b31393ff4e3d669c?s=96&d=mm&r=g\",\"caption\":\"desarrollo\"},\"sameAs\":[\"https:\/\/oti.unp.edu.pe\/webotiunp\"],\"url\":\"https:\/\/oti.unp.edu.pe\/?author=1\"}]}<\/script>\n<!-- \/ Yoast SEO plugin. -->","yoast_head_json":{"title":"Foro nacional \u201cM\u00e1s all\u00e1 de las pantallas\u201d: SEP analiza impacto de la tecnolog\u00eda en la educaci\u00f3n y la salud mental - Oficina de Tecnolog\u00eda de Informaci\u00f3n","robots":{"index":"index","follow":"follow","max-snippet":"max-snippet:-1","max-image-preview":"max-image-preview:large","max-video-preview":"max-video-preview:-1"},"canonical":"https:\/\/oti.unp.edu.pe\/?p=14973","og_locale":"es_ES","og_type":"article","og_title":"Foro nacional \u201cM\u00e1s all\u00e1 de las pantallas\u201d: SEP analiza impacto de la tecnolog\u00eda en la educaci\u00f3n y la salud mental - Oficina de Tecnolog\u00eda de Informaci\u00f3n","og_description":"Referencia: Infobae \u201cLa educaci\u00f3n es el coraz\u00f3n de la transformaci\u00f3n","og_url":"https:\/\/oti.unp.edu.pe\/?p=14973","og_site_name":"Oficina de Tecnolog\u00eda de Informaci\u00f3n","article_published_time":"2026-03-06T18:53:43+00:00","article_modified_time":"2026-03-06T18:57:58+00:00","og_image":[{"width":736,"height":414,"url":"https:\/\/oti.unp.edu.pe\/wp-content\/uploads\/2026\/02\/Foro-nacional-Mas-alla-de-las-pantallas_-SEP-analiza-impacto-de-la-tecnologia-en-la-educacion-y-la-salud-mental-Infobae.jpg","type":"image\/jpeg"}],"author":"desarrollo","twitter_card":"summary_large_image","twitter_misc":{"Escrito por":"desarrollo","Tiempo de lectura":"5 minutos"},"schema":{"@context":"https:\/\/schema.org","@graph":[{"@type":"Article","@id":"https:\/\/oti.unp.edu.pe\/?p=14973#article","isPartOf":{"@id":"https:\/\/oti.unp.edu.pe\/?p=14973"},"author":{"name":"desarrollo","@id":"https:\/\/oti.unp.edu.pe\/#\/schema\/person\/cd1a72f9fc6e687ed893287bdf45a99c"},"headline":"Foro nacional \u201cM\u00e1s all\u00e1 de las pantallas\u201d: SEP analiza impacto de la tecnolog\u00eda en la educaci\u00f3n y la salud mental","datePublished":"2026-03-06T18:53:43+00:00","dateModified":"2026-03-06T18:57:58+00:00","mainEntityOfPage":{"@id":"https:\/\/oti.unp.edu.pe\/?p=14973"},"wordCount":803,"publisher":{"@id":"https:\/\/oti.unp.edu.pe\/#organization"},"image":{"@id":"https:\/\/oti.unp.edu.pe\/?p=14973#primaryimage"},"thumbnailUrl":"https:\/\/oti.unp.edu.pe\/wp-content\/uploads\/2026\/02\/Foro-nacional-Mas-alla-de-las-pantallas_-SEP-analiza-impacto-de-la-tecnologia-en-la-educacion-y-la-salud-mental-Infobae.jpg","articleSection":["Educaci\u00f3n y Capacitaci\u00f3n","Tecnolog\u00eda"],"inLanguage":"es"},{"@type":"WebPage","@id":"https:\/\/oti.unp.edu.pe\/?p=14973","url":"https:\/\/oti.unp.edu.pe\/?p=14973","name":"Foro nacional \u201cM\u00e1s all\u00e1 de las pantallas\u201d: SEP analiza impacto de la tecnolog\u00eda en la educaci\u00f3n y la salud mental - Oficina de Tecnolog\u00eda de Informaci\u00f3n","isPartOf":{"@id":"https:\/\/oti.unp.edu.pe\/#website"},"primaryImageOfPage":{"@id":"https:\/\/oti.unp.edu.pe\/?p=14973#primaryimage"},"image":{"@id":"https:\/\/oti.unp.edu.pe\/?p=14973#primaryimage"},"thumbnailUrl":"https:\/\/oti.unp.edu.pe\/wp-content\/uploads\/2026\/02\/Foro-nacional-Mas-alla-de-las-pantallas_-SEP-analiza-impacto-de-la-tecnologia-en-la-educacion-y-la-salud-mental-Infobae.jpg","datePublished":"2026-03-06T18:53:43+00:00","dateModified":"2026-03-06T18:57:58+00:00","breadcrumb":{"@id":"https:\/\/oti.unp.edu.pe\/?p=14973#breadcrumb"},"inLanguage":"es","potentialAction":[{"@type":"ReadAction","target":["https:\/\/oti.unp.edu.pe\/?p=14973"]}]},{"@type":"ImageObject","inLanguage":"es","@id":"https:\/\/oti.unp.edu.pe\/?p=14973#primaryimage","url":"https:\/\/oti.unp.edu.pe\/wp-content\/uploads\/2026\/02\/Foro-nacional-Mas-alla-de-las-pantallas_-SEP-analiza-impacto-de-la-tecnologia-en-la-educacion-y-la-salud-mental-Infobae.jpg","contentUrl":"https:\/\/oti.unp.edu.pe\/wp-content\/uploads\/2026\/02\/Foro-nacional-Mas-alla-de-las-pantallas_-SEP-analiza-impacto-de-la-tecnologia-en-la-educacion-y-la-salud-mental-Infobae.jpg","width":736,"height":414},{"@type":"BreadcrumbList","@id":"https:\/\/oti.unp.edu.pe\/?p=14973#breadcrumb","itemListElement":[{"@type":"ListItem","position":1,"name":"Portada","item":"https:\/\/oti.unp.edu.pe\/"},{"@type":"ListItem","position":2,"name":"Foro nacional \u201cM\u00e1s all\u00e1 de las pantallas\u201d: SEP analiza impacto de la tecnolog\u00eda en la educaci\u00f3n y la salud mental"}]},{"@type":"WebSite","@id":"https:\/\/oti.unp.edu.pe\/#website","url":"https:\/\/oti.unp.edu.pe\/","name":"Oficina de Tecnolog\u00eda de Informaci\u00f3n","description":"","publisher":{"@id":"https:\/\/oti.unp.edu.pe\/#organization"},"potentialAction":[{"@type":"SearchAction","target":{"@type":"EntryPoint","urlTemplate":"https:\/\/oti.unp.edu.pe\/?s={search_term_string}"},"query-input":{"@type":"PropertyValueSpecification","valueRequired":true,"valueName":"search_term_string"}}],"inLanguage":"es"},{"@type":"Organization","@id":"https:\/\/oti.unp.edu.pe\/#organization","name":"Oficina de Tecnolog\u00eda de Informaci\u00f3n","url":"https:\/\/oti.unp.edu.pe\/","logo":{"@type":"ImageObject","inLanguage":"es","@id":"https:\/\/oti.unp.edu.pe\/#\/schema\/logo\/image\/","url":"https:\/\/oti.unp.edu.pe\/wp-content\/uploads\/2025\/01\/Google_org-Accelerator_-Generative-AI-abre-convocatoria-global-para-proyectos-de-IA-generativa-Exitosa-Noticias.jpg","contentUrl":"https:\/\/oti.unp.edu.pe\/wp-content\/uploads\/2025\/01\/Google_org-Accelerator_-Generative-AI-abre-convocatoria-global-para-proyectos-de-IA-generativa-Exitosa-Noticias.jpg","width":736,"height":385,"caption":"Oficina de Tecnolog\u00eda de Informaci\u00f3n"},"image":{"@id":"https:\/\/oti.unp.edu.pe\/#\/schema\/logo\/image\/"}},{"@type":"Person","@id":"https:\/\/oti.unp.edu.pe\/#\/schema\/person\/cd1a72f9fc6e687ed893287bdf45a99c","name":"desarrollo","image":{"@type":"ImageObject","inLanguage":"es","@id":"https:\/\/oti.unp.edu.pe\/#\/schema\/person\/image\/","url":"https:\/\/secure.gravatar.com\/avatar\/b427551bf20fc881b31393ff4e3d669c?s=96&d=mm&r=g","contentUrl":"https:\/\/secure.gravatar.com\/avatar\/b427551bf20fc881b31393ff4e3d669c?s=96&d=mm&r=g","caption":"desarrollo"},"sameAs":["https:\/\/oti.unp.edu.pe\/webotiunp"],"url":"https:\/\/oti.unp.edu.pe\/?author=1"}]}},"_links":{"self":[{"href":"https:\/\/oti.unp.edu.pe\/index.php?rest_route=\/wp\/v2\/posts\/14973"}],"collection":[{"href":"https:\/\/oti.unp.edu.pe\/index.php?rest_route=\/wp\/v2\/posts"}],"about":[{"href":"https:\/\/oti.unp.edu.pe\/index.php?rest_route=\/wp\/v2\/types\/post"}],"author":[{"embeddable":true,"href":"https:\/\/oti.unp.edu.pe\/index.php?rest_route=\/wp\/v2\/users\/1"}],"replies":[{"embeddable":true,"href":"https:\/\/oti.unp.edu.pe\/index.php?rest_route=%2Fwp%2Fv2%2Fcomments&post=14973"}],"version-history":[{"count":5,"href":"https:\/\/oti.unp.edu.pe\/index.php?rest_route=\/wp\/v2\/posts\/14973\/revisions"}],"predecessor-version":[{"id":14982,"href":"https:\/\/oti.unp.edu.pe\/index.php?rest_route=\/wp\/v2\/posts\/14973\/revisions\/14982"}],"wp:featuredmedia":[{"embeddable":true,"href":"https:\/\/oti.unp.edu.pe\/index.php?rest_route=\/wp\/v2\/media\/14976"}],"wp:attachment":[{"href":"https:\/\/oti.unp.edu.pe\/index.php?rest_route=%2Fwp%2Fv2%2Fmedia&parent=14973"}],"wp:term":[{"taxonomy":"category","embeddable":true,"href":"https:\/\/oti.unp.edu.pe\/index.php?rest_route=%2Fwp%2Fv2%2Fcategories&post=14973"},{"taxonomy":"post_tag","embeddable":true,"href":"https:\/\/oti.unp.edu.pe\/index.php?rest_route=%2Fwp%2Fv2%2Ftags&post=14973"}],"curies":[{"name":"wp","href":"https:\/\/api.w.org\/{rel}","templated":true}]}}