{"id":14229,"date":"2025-05-07T16:20:44","date_gmt":"2025-05-07T14:20:44","guid":{"rendered":"https:\/\/oti.unp.edu.pe\/?p=14229"},"modified":"2025-05-07T16:21:37","modified_gmt":"2025-05-07T14:21:37","slug":"tecnologia-para-la-seguridad-ciudadana-bionegocios-y-el-uso-de-inteligencia-artificial-seran-abordados-en-la-semana-de-la-innovacion-2025","status":"publish","type":"post","link":"https:\/\/oti.unp.edu.pe\/?p=14229","title":{"rendered":"Tecnolog\u00eda para la seguridad ciudadana, bionegocios y el uso de inteligencia artificial ser\u00e1n abordados en la Semana de la Innovaci\u00f3n 2025"},"content":{"rendered":"\t\t<div data-elementor-type=\"wp-post\" data-elementor-id=\"14229\" class=\"elementor elementor-14229\">\n\t\t\t\t\t\t\t<div class=\"elementor-element elementor-element-a503a2c e-con-full e-flex e-con e-parent\" data-id=\"a503a2c\" data-element_type=\"container\" data-settings=\"{&quot;content_width&quot;:&quot;full&quot;}\" data-core-v316-plus=\"true\">\n\t\t\t\t<div class=\"elementor-element elementor-element-74baf1c elementor-widget elementor-widget-text-editor\" data-id=\"74baf1c\" data-element_type=\"widget\" data-widget_type=\"text-editor.default\">\n\t\t\t\t<div class=\"elementor-widget-container\">\n\t\t\t<style>\/*! elementor - v3.16.0 - 17-10-2023 *\/\n.elementor-widget-text-editor.elementor-drop-cap-view-stacked .elementor-drop-cap{background-color:#69727d;color:#fff}.elementor-widget-text-editor.elementor-drop-cap-view-framed .elementor-drop-cap{color:#69727d;border:3px solid;background-color:transparent}.elementor-widget-text-editor:not(.elementor-drop-cap-view-default) .elementor-drop-cap{margin-top:8px}.elementor-widget-text-editor:not(.elementor-drop-cap-view-default) .elementor-drop-cap-letter{width:1em;height:1em}.elementor-widget-text-editor .elementor-drop-cap{float:left;text-align:center;line-height:1;font-size:50px}.elementor-widget-text-editor .elementor-drop-cap-letter{display:inline-block}<\/style>\t\t\t\t<p><em><strong>Referencia: <\/strong><\/em><em><strong><a href=\"https:\/\/www.gob.pe\/institucion\/concytec\/noticias\/1162583-tecnologia-para-la-seguridad-ciudadana-bionegocios-y-el-uso-de-inteligencia-artificial-seran-abordados-en-la-semana-de-la-innovacion-2025\" target=\"_blank\" rel=\"noopener\">Gob.pe<\/a><\/strong><\/em><\/p>\t\t\t\t\t\t<\/div>\n\t\t\t\t<\/div>\n\t\t\t\t<div class=\"elementor-element elementor-element-7b48b35 elementor-widget elementor-widget-text-editor\" data-id=\"7b48b35\" data-element_type=\"widget\" data-widget_type=\"text-editor.default\">\n\t\t\t\t<div class=\"elementor-widget-container\">\n\t\t\t\t\t\t\t<p>El Concytec present\u00f3 programa de actividades que se desarrollar\u00e1n en La Libertad, Lima y Cusco del 5 al 17 de junio. El ingreso ser\u00e1 libre.<\/p>\t\t\t\t\t\t<\/div>\n\t\t\t\t<\/div>\n\t\t\t\t<div class=\"elementor-element elementor-element-1a97a62 elementor-widget elementor-widget-image\" data-id=\"1a97a62\" data-element_type=\"widget\" data-widget_type=\"image.default\">\n\t\t\t\t<div class=\"elementor-widget-container\">\n\t\t\t<style>\/*! elementor - v3.16.0 - 17-10-2023 *\/\n.elementor-widget-image{text-align:center}.elementor-widget-image a{display:inline-block}.elementor-widget-image a img[src$=\".svg\"]{width:48px}.elementor-widget-image img{vertical-align:middle;display:inline-block}<\/style>\t\t\t\t\t\t\t\t\t\t\t\t<img decoding=\"async\" loading=\"lazy\" width=\"700\" height=\"395\" src=\"https:\/\/oti.unp.edu.pe\/wp-content\/uploads\/2025\/05\/Tecnologia-para-la-seguridad-ciudadana-bionegocios-y-el-uso-de-inteligencia-artificial-seran-abordados-en-la-Semana-de-la-Innovacion-2025.jpg\" class=\"attachment-large size-large wp-image-14232\" alt=\"\" \/>\t\t\t\t\t\t\t\t\t\t\t\t\t\t\t<\/div>\n\t\t\t\t<\/div>\n\t\t\t\t<div class=\"elementor-element elementor-element-e9035f1 elementor-widget elementor-widget-text-editor\" data-id=\"e9035f1\" data-element_type=\"widget\" data-widget_type=\"text-editor.default\">\n\t\t\t\t<div class=\"elementor-widget-container\">\n\t\t\t\t\t\t\t<div><p>A pocas semanas para el inicio de la Semana de la Innovaci\u00f3n 2025, el Concytec dio a conocer las actividades que se desarrollar\u00e1n durante el evento de innovaci\u00f3n m\u00e1s importante del pa\u00eds, y que, este a\u00f1o, abordar\u00e1 temas de gran impacto nacional, como la innovaci\u00f3n tecnol\u00f3gica en seguridad ciudadana y el uso de la inteligencia artificial aplicada a diversas \u00e1reas como salud, trabajo, empresa, sostenibilidad, etc.<\/p><p>Bajo el lema \u201cInnovaci\u00f3n que transforma el Per\u00fa\u201d, el evento se realizar\u00e1 del 5 al 17 de junio de manera presencial y descentralizada en tres regiones del pa\u00eds: La Libertad, Lima y Cusco. El ingreso ser\u00e1 libre.<\/p><p><strong>La Libertad<\/strong><\/p><\/div><div><p>En la regi\u00f3n La Libertad el evento se desarrollar\u00e1 los d\u00edas 5 y 6 de junio y se abordar\u00e1n ejes tem\u00e1ticos como: Datificaci\u00f3n y seguridad; Tecnolog\u00edas emergentes; Innovaci\u00f3n para la sostenibilidad; y Tecnolog\u00edas para la innovaci\u00f3n en la agricultura.<\/p><p>Como parte del programa se realizar\u00e1n las plenarias \u201cTecnolog\u00edas emergentes: Blockchain, IoT y IA para la innovaci\u00f3n en el sector salud\u201d, \u201cInnovaci\u00f3n sostenible, energ\u00eda limpia y econom\u00eda circular para el futuro\u201d, \u201cCiudades inteligentes y seguridad ciudadana: Innovaci\u00f3n tecnol\u00f3gica para entornos seguros y sostenibles\u201d, \u201cInteligencia artificial y el futuro del trabajo\u201d, entre otros temas relevantes para el desarrollo de la regi\u00f3n.<\/p><p><strong>Lima<\/strong><\/p><\/div><div><p>Las actividades en Lima se realizar\u00e1n del 9 al 13 de junio y se abordar\u00e1n los ejes tem\u00e1ticos: Inteligencia artificial en el sector productivo; Liderazgo femenino en las CTI; Cadena de valor y protecci\u00f3n de la biodiversidad; Transformaci\u00f3n verde: Eco negocios, recursos energ\u00e9ticos y acci\u00f3n clim\u00e1tica; Innovaci\u00f3n en salud; Beneficios tributarios, etc.<\/p><p>Los temas de las ponencias por desarrollar ser\u00e1n diversos, entre ellos: \u201cInteligencia artificial: C\u00f3mo la IA revoluciona los modelos de negocios\u201d, \u201cEstrategias innovadoras en la gesti\u00f3n empresarial: El futuro del trabajo\u201d, \u201cEstrategias inteligentes: Vigilancia tecnol\u00f3gica y protecci\u00f3n del conocimiento\u201d, \u201cConectando el futuro: Innovaci\u00f3n digital para la industria y la sociedad\u201d, \u201cInnovaci\u00f3n para la trazabilidad: soluciones tecnol\u00f3gicas en cadenas de valor agroindustriales libres de deforestaci\u00f3n\u201d.<\/p><p>Es importante destacar que, como parte del programa se realizar\u00e1 una Ceremonia de distinci\u00f3n a empresas que obtuvieron proyectos aprobados para beneficios tributarios en el 2024, consignados en la Ley n.\u00b0 30309.<\/p><p><strong>Cusco<\/strong><\/p><\/div><div><p>La Semana de la Innovaci\u00f3n cerrar\u00e1 su programaci\u00f3n en la ciudad del Cusco. El 16 y 17 de junio, los asistentes podr\u00e1n fortalecer sus conocimientos en Agricultura de precisi\u00f3n; Protecci\u00f3n de la biodiversidad; Cerrar brechas de conectividad; Energ\u00eda y sostenibilidad.<\/p><p>Las plenarias programadas en Cusco son: \u201cInnovaci\u00f3n agroindustrial como respuesta a tendencias de consumo que impulsan nuevos modelos productivos, a partir de la innovaci\u00f3n en los cultivos seleccionados\u201d; \u201cEnerg\u00eda y sostenibilidad\u201d; \u201cOportunidades de innovaci\u00f3n en el sector turismo peruano y fuentes de financiamiento\u201d, \u201cRetos econ\u00f3micos y sociales de la inteligencia artificial, rob\u00f3tica y nuevas tecnolog\u00edas\u201d.<\/p><p>En las tres regiones se desarrollar\u00e1n talleres pr\u00e1cticos asociados a los ejes tem\u00e1ticos donde se pondr\u00e1 en pr\u00e1ctica lo debatido en las plenarias.<\/p><p><strong>\u00bfC\u00f3mo participar?<\/strong><\/p><\/div><div><p>Las inscripciones para la Semana de la Innovaci\u00f3n 2025 ya est\u00e1n disponibles en el siguiente enlace:\u00a0<a class=\"underline\" href=\"https:\/\/innovacion.concytec.gob.pe\/2025\/\" target=\"_blank\" rel=\"noopener\">https:\/\/innovacion.concytec.gob.pe\/2025\/<\/a>. Si deseas m\u00e1s informaci\u00f3n o hacer consultas sobre el evento, puedes comunicarte al correo electr\u00f3nico:\u00a0<a class=\"underline\" href=\"mailto:semanadelainnovacion@concytec.gob.pe\" target=\"_blank\" rel=\"noopener\">semanadelainnovacion@concytec.gob.pe<\/a>.<\/p><p>La Semana de la Innovaci\u00f3n es organizada por el Concytec en coordinaci\u00f3n con actores claves como la C\u00e1mara de Comercio de Lima (CCL), Universidad del Pac\u00edfico, Gobierno Regional Cusco, C\u00e1mara de Comercio de Cusco, Universidad Nacional de San Antonio Abad del Cusco (UNSAAC), Colegio M\u00e9dico del Per\u00fa \u2013 Consejo Regional I Trujillo, C\u00e1mara de Comercio La Libertad, Universidad Nacional de Trujillo (UNT), CREEAS La Libertad, AstraZeneca y ProCiencia.<\/p><\/div>\t\t\t\t\t\t<\/div>\n\t\t\t\t<\/div>\n\t\t\t\t<\/div>\n\t\t\t\t\t\t\t<\/div>\n\t\t","protected":false},"excerpt":{"rendered":"<p>Referencia: Gob.pe El Concytec present\u00f3 programa de actividades que se<\/p>\n","protected":false},"author":1,"featured_media":14232,"comment_status":"closed","ping_status":"open","sticky":false,"template":"","format":"standard","meta":{"footnotes":""},"categories":[2,47],"tags":[],"yoast_head":"<!-- This site is optimized with the Yoast SEO plugin v23.4 - https:\/\/yoast.com\/wordpress\/plugins\/seo\/ -->\n<title>Tecnolog\u00eda para la seguridad ciudadana, bionegocios y el uso de inteligencia artificial ser\u00e1n abordados en la Semana de la Innovaci\u00f3n 2025 - Oficina de Tecnolog\u00eda de Informaci\u00f3n<\/title>\n<meta name=\"robots\" content=\"index, follow, max-snippet:-1, max-image-preview:large, max-video-preview:-1\" \/>\n<link rel=\"canonical\" href=\"https:\/\/oti.unp.edu.pe\/?p=14229\" \/>\n<meta property=\"og:locale\" content=\"es_ES\" \/>\n<meta property=\"og:type\" content=\"article\" \/>\n<meta property=\"og:title\" content=\"Tecnolog\u00eda para la seguridad ciudadana, bionegocios y el uso de inteligencia artificial ser\u00e1n abordados en la Semana de la Innovaci\u00f3n 2025 - Oficina de Tecnolog\u00eda de Informaci\u00f3n\" \/>\n<meta property=\"og:description\" content=\"Referencia: Gob.pe El Concytec present\u00f3 programa de actividades que se\" \/>\n<meta property=\"og:url\" content=\"https:\/\/oti.unp.edu.pe\/?p=14229\" \/>\n<meta property=\"og:site_name\" content=\"Oficina de Tecnolog\u00eda de Informaci\u00f3n\" \/>\n<meta property=\"article:published_time\" content=\"2025-05-07T14:20:44+00:00\" \/>\n<meta property=\"article:modified_time\" content=\"2025-05-07T14:21:37+00:00\" \/>\n<meta property=\"og:image\" content=\"https:\/\/oti.unp.edu.pe\/wp-content\/uploads\/2025\/05\/Tecnologia-para-la-seguridad-ciudadana-bionegocios-y-el-uso-de-inteligencia-artificial-seran-abordados-en-la-Semana-de-la-Innovacion-2025.jpg\" \/>\n\t<meta property=\"og:image:width\" content=\"700\" \/>\n\t<meta property=\"og:image:height\" content=\"395\" \/>\n\t<meta property=\"og:image:type\" content=\"image\/jpeg\" \/>\n<meta name=\"author\" content=\"desarrollo\" \/>\n<meta name=\"twitter:card\" content=\"summary_large_image\" \/>\n<meta name=\"twitter:label1\" content=\"Escrito por\" \/>\n\t<meta name=\"twitter:data1\" content=\"desarrollo\" \/>\n\t<meta name=\"twitter:label2\" content=\"Tiempo de lectura\" \/>\n\t<meta name=\"twitter:data2\" content=\"3 minutos\" \/>\n<script type=\"application\/ld+json\" class=\"yoast-schema-graph\">{\"@context\":\"https:\/\/schema.org\",\"@graph\":[{\"@type\":\"Article\",\"@id\":\"https:\/\/oti.unp.edu.pe\/?p=14229#article\",\"isPartOf\":{\"@id\":\"https:\/\/oti.unp.edu.pe\/?p=14229\"},\"author\":{\"name\":\"desarrollo\",\"@id\":\"https:\/\/oti.unp.edu.pe\/#\/schema\/person\/cd1a72f9fc6e687ed893287bdf45a99c\"},\"headline\":\"Tecnolog\u00eda para la seguridad ciudadana, bionegocios y el uso de inteligencia artificial ser\u00e1n abordados en la Semana de la Innovaci\u00f3n 2025\",\"datePublished\":\"2025-05-07T14:20:44+00:00\",\"dateModified\":\"2025-05-07T14:21:37+00:00\",\"mainEntityOfPage\":{\"@id\":\"https:\/\/oti.unp.edu.pe\/?p=14229\"},\"wordCount\":696,\"publisher\":{\"@id\":\"https:\/\/oti.unp.edu.pe\/#organization\"},\"image\":{\"@id\":\"https:\/\/oti.unp.edu.pe\/?p=14229#primaryimage\"},\"thumbnailUrl\":\"https:\/\/oti.unp.edu.pe\/wp-content\/uploads\/2025\/05\/Tecnologia-para-la-seguridad-ciudadana-bionegocios-y-el-uso-de-inteligencia-artificial-seran-abordados-en-la-Semana-de-la-Innovacion-2025.jpg\",\"articleSection\":[\"Innovaci\u00f3n\",\"Inteligencia Artificial\"],\"inLanguage\":\"es\"},{\"@type\":\"WebPage\",\"@id\":\"https:\/\/oti.unp.edu.pe\/?p=14229\",\"url\":\"https:\/\/oti.unp.edu.pe\/?p=14229\",\"name\":\"Tecnolog\u00eda para la seguridad ciudadana, bionegocios y el uso de inteligencia artificial ser\u00e1n abordados en la Semana de la Innovaci\u00f3n 2025 - Oficina de Tecnolog\u00eda de Informaci\u00f3n\",\"isPartOf\":{\"@id\":\"https:\/\/oti.unp.edu.pe\/#website\"},\"primaryImageOfPage\":{\"@id\":\"https:\/\/oti.unp.edu.pe\/?p=14229#primaryimage\"},\"image\":{\"@id\":\"https:\/\/oti.unp.edu.pe\/?p=14229#primaryimage\"},\"thumbnailUrl\":\"https:\/\/oti.unp.edu.pe\/wp-content\/uploads\/2025\/05\/Tecnologia-para-la-seguridad-ciudadana-bionegocios-y-el-uso-de-inteligencia-artificial-seran-abordados-en-la-Semana-de-la-Innovacion-2025.jpg\",\"datePublished\":\"2025-05-07T14:20:44+00:00\",\"dateModified\":\"2025-05-07T14:21:37+00:00\",\"breadcrumb\":{\"@id\":\"https:\/\/oti.unp.edu.pe\/?p=14229#breadcrumb\"},\"inLanguage\":\"es\",\"potentialAction\":[{\"@type\":\"ReadAction\",\"target\":[\"https:\/\/oti.unp.edu.pe\/?p=14229\"]}]},{\"@type\":\"ImageObject\",\"inLanguage\":\"es\",\"@id\":\"https:\/\/oti.unp.edu.pe\/?p=14229#primaryimage\",\"url\":\"https:\/\/oti.unp.edu.pe\/wp-content\/uploads\/2025\/05\/Tecnologia-para-la-seguridad-ciudadana-bionegocios-y-el-uso-de-inteligencia-artificial-seran-abordados-en-la-Semana-de-la-Innovacion-2025.jpg\",\"contentUrl\":\"https:\/\/oti.unp.edu.pe\/wp-content\/uploads\/2025\/05\/Tecnologia-para-la-seguridad-ciudadana-bionegocios-y-el-uso-de-inteligencia-artificial-seran-abordados-en-la-Semana-de-la-Innovacion-2025.jpg\",\"width\":700,\"height\":395},{\"@type\":\"BreadcrumbList\",\"@id\":\"https:\/\/oti.unp.edu.pe\/?p=14229#breadcrumb\",\"itemListElement\":[{\"@type\":\"ListItem\",\"position\":1,\"name\":\"Portada\",\"item\":\"https:\/\/oti.unp.edu.pe\/\"},{\"@type\":\"ListItem\",\"position\":2,\"name\":\"Tecnolog\u00eda para la seguridad ciudadana, bionegocios y el uso de inteligencia artificial ser\u00e1n abordados en la Semana de la Innovaci\u00f3n 2025\"}]},{\"@type\":\"WebSite\",\"@id\":\"https:\/\/oti.unp.edu.pe\/#website\",\"url\":\"https:\/\/oti.unp.edu.pe\/\",\"name\":\"Oficina de Tecnolog\u00eda de Informaci\u00f3n\",\"description\":\"\",\"publisher\":{\"@id\":\"https:\/\/oti.unp.edu.pe\/#organization\"},\"potentialAction\":[{\"@type\":\"SearchAction\",\"target\":{\"@type\":\"EntryPoint\",\"urlTemplate\":\"https:\/\/oti.unp.edu.pe\/?s={search_term_string}\"},\"query-input\":{\"@type\":\"PropertyValueSpecification\",\"valueRequired\":true,\"valueName\":\"search_term_string\"}}],\"inLanguage\":\"es\"},{\"@type\":\"Organization\",\"@id\":\"https:\/\/oti.unp.edu.pe\/#organization\",\"name\":\"Oficina de Tecnolog\u00eda de Informaci\u00f3n\",\"url\":\"https:\/\/oti.unp.edu.pe\/\",\"logo\":{\"@type\":\"ImageObject\",\"inLanguage\":\"es\",\"@id\":\"https:\/\/oti.unp.edu.pe\/#\/schema\/logo\/image\/\",\"url\":\"https:\/\/oti.unp.edu.pe\/wp-content\/uploads\/2025\/01\/Google_org-Accelerator_-Generative-AI-abre-convocatoria-global-para-proyectos-de-IA-generativa-Exitosa-Noticias.jpg\",\"contentUrl\":\"https:\/\/oti.unp.edu.pe\/wp-content\/uploads\/2025\/01\/Google_org-Accelerator_-Generative-AI-abre-convocatoria-global-para-proyectos-de-IA-generativa-Exitosa-Noticias.jpg\",\"width\":736,\"height\":385,\"caption\":\"Oficina de Tecnolog\u00eda de Informaci\u00f3n\"},\"image\":{\"@id\":\"https:\/\/oti.unp.edu.pe\/#\/schema\/logo\/image\/\"}},{\"@type\":\"Person\",\"@id\":\"https:\/\/oti.unp.edu.pe\/#\/schema\/person\/cd1a72f9fc6e687ed893287bdf45a99c\",\"name\":\"desarrollo\",\"image\":{\"@type\":\"ImageObject\",\"inLanguage\":\"es\",\"@id\":\"https:\/\/oti.unp.edu.pe\/#\/schema\/person\/image\/\",\"url\":\"https:\/\/secure.gravatar.com\/avatar\/b427551bf20fc881b31393ff4e3d669c?s=96&d=mm&r=g\",\"contentUrl\":\"https:\/\/secure.gravatar.com\/avatar\/b427551bf20fc881b31393ff4e3d669c?s=96&d=mm&r=g\",\"caption\":\"desarrollo\"},\"sameAs\":[\"https:\/\/oti.unp.edu.pe\/webotiunp\"],\"url\":\"https:\/\/oti.unp.edu.pe\/?author=1\"}]}<\/script>\n<!-- \/ Yoast SEO plugin. -->","yoast_head_json":{"title":"Tecnolog\u00eda para la seguridad ciudadana, bionegocios y el uso de inteligencia artificial ser\u00e1n abordados en la Semana de la Innovaci\u00f3n 2025 - Oficina de Tecnolog\u00eda de Informaci\u00f3n","robots":{"index":"index","follow":"follow","max-snippet":"max-snippet:-1","max-image-preview":"max-image-preview:large","max-video-preview":"max-video-preview:-1"},"canonical":"https:\/\/oti.unp.edu.pe\/?p=14229","og_locale":"es_ES","og_type":"article","og_title":"Tecnolog\u00eda para la seguridad ciudadana, bionegocios y el uso de inteligencia artificial ser\u00e1n abordados en la Semana de la Innovaci\u00f3n 2025 - Oficina de Tecnolog\u00eda de Informaci\u00f3n","og_description":"Referencia: Gob.pe El Concytec present\u00f3 programa de actividades que se","og_url":"https:\/\/oti.unp.edu.pe\/?p=14229","og_site_name":"Oficina de Tecnolog\u00eda de Informaci\u00f3n","article_published_time":"2025-05-07T14:20:44+00:00","article_modified_time":"2025-05-07T14:21:37+00:00","og_image":[{"width":700,"height":395,"url":"https:\/\/oti.unp.edu.pe\/wp-content\/uploads\/2025\/05\/Tecnologia-para-la-seguridad-ciudadana-bionegocios-y-el-uso-de-inteligencia-artificial-seran-abordados-en-la-Semana-de-la-Innovacion-2025.jpg","type":"image\/jpeg"}],"author":"desarrollo","twitter_card":"summary_large_image","twitter_misc":{"Escrito por":"desarrollo","Tiempo de lectura":"3 minutos"},"schema":{"@context":"https:\/\/schema.org","@graph":[{"@type":"Article","@id":"https:\/\/oti.unp.edu.pe\/?p=14229#article","isPartOf":{"@id":"https:\/\/oti.unp.edu.pe\/?p=14229"},"author":{"name":"desarrollo","@id":"https:\/\/oti.unp.edu.pe\/#\/schema\/person\/cd1a72f9fc6e687ed893287bdf45a99c"},"headline":"Tecnolog\u00eda para la seguridad ciudadana, bionegocios y el uso de inteligencia artificial ser\u00e1n abordados en la Semana de la Innovaci\u00f3n 2025","datePublished":"2025-05-07T14:20:44+00:00","dateModified":"2025-05-07T14:21:37+00:00","mainEntityOfPage":{"@id":"https:\/\/oti.unp.edu.pe\/?p=14229"},"wordCount":696,"publisher":{"@id":"https:\/\/oti.unp.edu.pe\/#organization"},"image":{"@id":"https:\/\/oti.unp.edu.pe\/?p=14229#primaryimage"},"thumbnailUrl":"https:\/\/oti.unp.edu.pe\/wp-content\/uploads\/2025\/05\/Tecnologia-para-la-seguridad-ciudadana-bionegocios-y-el-uso-de-inteligencia-artificial-seran-abordados-en-la-Semana-de-la-Innovacion-2025.jpg","articleSection":["Innovaci\u00f3n","Inteligencia Artificial"],"inLanguage":"es"},{"@type":"WebPage","@id":"https:\/\/oti.unp.edu.pe\/?p=14229","url":"https:\/\/oti.unp.edu.pe\/?p=14229","name":"Tecnolog\u00eda para la seguridad ciudadana, bionegocios y el uso de inteligencia artificial ser\u00e1n abordados en la Semana de la Innovaci\u00f3n 2025 - Oficina de Tecnolog\u00eda de Informaci\u00f3n","isPartOf":{"@id":"https:\/\/oti.unp.edu.pe\/#website"},"primaryImageOfPage":{"@id":"https:\/\/oti.unp.edu.pe\/?p=14229#primaryimage"},"image":{"@id":"https:\/\/oti.unp.edu.pe\/?p=14229#primaryimage"},"thumbnailUrl":"https:\/\/oti.unp.edu.pe\/wp-content\/uploads\/2025\/05\/Tecnologia-para-la-seguridad-ciudadana-bionegocios-y-el-uso-de-inteligencia-artificial-seran-abordados-en-la-Semana-de-la-Innovacion-2025.jpg","datePublished":"2025-05-07T14:20:44+00:00","dateModified":"2025-05-07T14:21:37+00:00","breadcrumb":{"@id":"https:\/\/oti.unp.edu.pe\/?p=14229#breadcrumb"},"inLanguage":"es","potentialAction":[{"@type":"ReadAction","target":["https:\/\/oti.unp.edu.pe\/?p=14229"]}]},{"@type":"ImageObject","inLanguage":"es","@id":"https:\/\/oti.unp.edu.pe\/?p=14229#primaryimage","url":"https:\/\/oti.unp.edu.pe\/wp-content\/uploads\/2025\/05\/Tecnologia-para-la-seguridad-ciudadana-bionegocios-y-el-uso-de-inteligencia-artificial-seran-abordados-en-la-Semana-de-la-Innovacion-2025.jpg","contentUrl":"https:\/\/oti.unp.edu.pe\/wp-content\/uploads\/2025\/05\/Tecnologia-para-la-seguridad-ciudadana-bionegocios-y-el-uso-de-inteligencia-artificial-seran-abordados-en-la-Semana-de-la-Innovacion-2025.jpg","width":700,"height":395},{"@type":"BreadcrumbList","@id":"https:\/\/oti.unp.edu.pe\/?p=14229#breadcrumb","itemListElement":[{"@type":"ListItem","position":1,"name":"Portada","item":"https:\/\/oti.unp.edu.pe\/"},{"@type":"ListItem","position":2,"name":"Tecnolog\u00eda para la seguridad ciudadana, bionegocios y el uso de inteligencia artificial ser\u00e1n abordados en la Semana de la Innovaci\u00f3n 2025"}]},{"@type":"WebSite","@id":"https:\/\/oti.unp.edu.pe\/#website","url":"https:\/\/oti.unp.edu.pe\/","name":"Oficina de Tecnolog\u00eda de Informaci\u00f3n","description":"","publisher":{"@id":"https:\/\/oti.unp.edu.pe\/#organization"},"potentialAction":[{"@type":"SearchAction","target":{"@type":"EntryPoint","urlTemplate":"https:\/\/oti.unp.edu.pe\/?s={search_term_string}"},"query-input":{"@type":"PropertyValueSpecification","valueRequired":true,"valueName":"search_term_string"}}],"inLanguage":"es"},{"@type":"Organization","@id":"https:\/\/oti.unp.edu.pe\/#organization","name":"Oficina de Tecnolog\u00eda de Informaci\u00f3n","url":"https:\/\/oti.unp.edu.pe\/","logo":{"@type":"ImageObject","inLanguage":"es","@id":"https:\/\/oti.unp.edu.pe\/#\/schema\/logo\/image\/","url":"https:\/\/oti.unp.edu.pe\/wp-content\/uploads\/2025\/01\/Google_org-Accelerator_-Generative-AI-abre-convocatoria-global-para-proyectos-de-IA-generativa-Exitosa-Noticias.jpg","contentUrl":"https:\/\/oti.unp.edu.pe\/wp-content\/uploads\/2025\/01\/Google_org-Accelerator_-Generative-AI-abre-convocatoria-global-para-proyectos-de-IA-generativa-Exitosa-Noticias.jpg","width":736,"height":385,"caption":"Oficina de Tecnolog\u00eda de Informaci\u00f3n"},"image":{"@id":"https:\/\/oti.unp.edu.pe\/#\/schema\/logo\/image\/"}},{"@type":"Person","@id":"https:\/\/oti.unp.edu.pe\/#\/schema\/person\/cd1a72f9fc6e687ed893287bdf45a99c","name":"desarrollo","image":{"@type":"ImageObject","inLanguage":"es","@id":"https:\/\/oti.unp.edu.pe\/#\/schema\/person\/image\/","url":"https:\/\/secure.gravatar.com\/avatar\/b427551bf20fc881b31393ff4e3d669c?s=96&d=mm&r=g","contentUrl":"https:\/\/secure.gravatar.com\/avatar\/b427551bf20fc881b31393ff4e3d669c?s=96&d=mm&r=g","caption":"desarrollo"},"sameAs":["https:\/\/oti.unp.edu.pe\/webotiunp"],"url":"https:\/\/oti.unp.edu.pe\/?author=1"}]}},"_links":{"self":[{"href":"https:\/\/oti.unp.edu.pe\/index.php?rest_route=\/wp\/v2\/posts\/14229"}],"collection":[{"href":"https:\/\/oti.unp.edu.pe\/index.php?rest_route=\/wp\/v2\/posts"}],"about":[{"href":"https:\/\/oti.unp.edu.pe\/index.php?rest_route=\/wp\/v2\/types\/post"}],"author":[{"embeddable":true,"href":"https:\/\/oti.unp.edu.pe\/index.php?rest_route=\/wp\/v2\/users\/1"}],"replies":[{"embeddable":true,"href":"https:\/\/oti.unp.edu.pe\/index.php?rest_route=%2Fwp%2Fv2%2Fcomments&post=14229"}],"version-history":[{"count":6,"href":"https:\/\/oti.unp.edu.pe\/index.php?rest_route=\/wp\/v2\/posts\/14229\/revisions"}],"predecessor-version":[{"id":14236,"href":"https:\/\/oti.unp.edu.pe\/index.php?rest_route=\/wp\/v2\/posts\/14229\/revisions\/14236"}],"wp:featuredmedia":[{"embeddable":true,"href":"https:\/\/oti.unp.edu.pe\/index.php?rest_route=\/wp\/v2\/media\/14232"}],"wp:attachment":[{"href":"https:\/\/oti.unp.edu.pe\/index.php?rest_route=%2Fwp%2Fv2%2Fmedia&parent=14229"}],"wp:term":[{"taxonomy":"category","embeddable":true,"href":"https:\/\/oti.unp.edu.pe\/index.php?rest_route=%2Fwp%2Fv2%2Fcategories&post=14229"},{"taxonomy":"post_tag","embeddable":true,"href":"https:\/\/oti.unp.edu.pe\/index.php?rest_route=%2Fwp%2Fv2%2Ftags&post=14229"}],"curies":[{"name":"wp","href":"https:\/\/api.w.org\/{rel}","templated":true}]}}