{"id":13593,"date":"2025-01-07T15:02:38","date_gmt":"2025-01-07T14:02:38","guid":{"rendered":"https:\/\/oti.unp.edu.pe\/?p=13593"},"modified":"2025-01-08T14:59:21","modified_gmt":"2025-01-08T13:59:21","slug":"ces-2025-estos-son-los-temas-que-dominaran-la-feria-de-tecnologia","status":"publish","type":"post","link":"https:\/\/oti.unp.edu.pe\/?p=13593","title":{"rendered":"CES 2025: estos son los temas que dominar\u00e1n la feria de tecnolog\u00eda"},"content":{"rendered":"\t\t<div data-elementor-type=\"wp-post\" data-elementor-id=\"13593\" class=\"elementor elementor-13593\">\n\t\t\t\t\t\t\t<div class=\"elementor-element elementor-element-3e3d044 e-flex e-con-boxed e-con e-parent\" data-id=\"3e3d044\" data-element_type=\"container\" data-settings=\"{&quot;content_width&quot;:&quot;boxed&quot;}\" data-core-v316-plus=\"true\">\n\t\t\t\t\t<div class=\"e-con-inner\">\n\t\t\t\t<div class=\"elementor-element elementor-element-e2a607e elementor-widget elementor-widget-text-editor\" data-id=\"e2a607e\" data-element_type=\"widget\" data-widget_type=\"text-editor.default\">\n\t\t\t\t<div class=\"elementor-widget-container\">\n\t\t\t<style>\/*! elementor - v3.16.0 - 17-10-2023 *\/\n.elementor-widget-text-editor.elementor-drop-cap-view-stacked .elementor-drop-cap{background-color:#69727d;color:#fff}.elementor-widget-text-editor.elementor-drop-cap-view-framed .elementor-drop-cap{color:#69727d;border:3px solid;background-color:transparent}.elementor-widget-text-editor:not(.elementor-drop-cap-view-default) .elementor-drop-cap{margin-top:8px}.elementor-widget-text-editor:not(.elementor-drop-cap-view-default) .elementor-drop-cap-letter{width:1em;height:1em}.elementor-widget-text-editor .elementor-drop-cap{float:left;text-align:center;line-height:1;font-size:50px}.elementor-widget-text-editor .elementor-drop-cap-letter{display:inline-block}<\/style>\t\t\t\t<p><em><strong>Referencia: <a href=\"https:\/\/latam.ign.com\/ces-2025\/106419\/news\/ces-2025-estos-son-los-temas-que-dominaran-la-feria-de-tecnologia\" target=\"_blank\" rel=\"noopener\">IGNLatinoam\u00e9rica<\/a><\/strong><\/em><\/p>\t\t\t\t\t\t<\/div>\n\t\t\t\t<\/div>\n\t\t\t\t<div class=\"elementor-element elementor-element-a79240c elementor-widget elementor-widget-text-editor\" data-id=\"a79240c\" data-element_type=\"widget\" data-widget_type=\"text-editor.default\">\n\t\t\t\t<div class=\"elementor-widget-container\">\n\t\t\t\t\t\t\t<p>El Consumer Electronic Show (CES), la feria de electr\u00f3nica de consumo m\u00e1s importante del mundo, arranc\u00f3 su edici\u00f3n 2025 en Las Vegas, Nevada, para presentar las tecnolog\u00edas, plataformas y dispositivos m\u00e1s innovadores.<\/p><p>La feria, que este a\u00f1o re\u00fane a 309 compa\u00f1\u00edas de 160 pa\u00edses, se centrar\u00e1 en tres temas centrales: Inteligencia Artificial, Salud Digital y Tecnolog\u00eda vehicular y movilidad avanzada.<\/p>\t\t\t\t\t\t<\/div>\n\t\t\t\t<\/div>\n\t\t\t\t<div class=\"elementor-element elementor-element-1a4783d elementor-widget elementor-widget-text-editor\" data-id=\"1a4783d\" data-element_type=\"widget\" data-widget_type=\"text-editor.default\">\n\t\t\t\t<div class=\"elementor-widget-container\">\n\t\t\t\t\t\t\t<p>\u201c<em>El CES 2025 es la ventana al mundo del ma\u00f1ana, definiendo y mostrando c\u00f3mo la innovaci\u00f3n centrada en el ser humano est\u00e1 redefiniendo nuestras vidas<\/em>\u201d, dijo el Senior Director de Innovaci\u00f3n y tendencias de la Consumer Technology Associaton (CTA), Brian Comiskey.<\/p>\t\t\t\t\t\t<\/div>\n\t\t\t\t<\/div>\n\t\t\t\t<div class=\"elementor-element elementor-element-05da666 elementor-widget elementor-widget-text-editor\" data-id=\"05da666\" data-element_type=\"widget\" data-widget_type=\"text-editor.default\">\n\t\t\t\t<div class=\"elementor-widget-container\">\n\t\t\t\t\t\t\t<p>La CTA, asociaci\u00f3n que agrupa a las compa\u00f1\u00edas tecnol\u00f3gicas de Estados Unidos, ha sido organizadora del CES desde su fundaci\u00f3n, en 1967. De acuerdo con Comiskey, quien present\u00f3 su conferencia \u201cTendencias a tomar en cuenta en el CES 2025\u201d, destac\u00f3 que la tecnolog\u00eda define no solo c\u00f3mo coexistimos, sino c\u00f3mo trabajamos en las empresas modernas.<\/p><p>El futurista de la CTA asegur\u00f3 que aunque en la feria veremos un sinf\u00edn de dispositivos como veh\u00edculos aut\u00f3nomos, smart TVs que se convertir\u00e1n en el hub del hogar inteligente, robots humanoides, Inteligencia Artificial y plataformas de entretenimiento centradas en transmisiones en vivo y gaming; tambi\u00e9n encontraremos tecnolog\u00edas e innovaci\u00f3n centradas en soluciones empresariales, asistencia social, salud y seguridad humana.<\/p>\t\t\t\t\t\t<\/div>\n\t\t\t\t<\/div>\n\t\t\t\t<div class=\"elementor-element elementor-element-ecfe119 elementor-widget elementor-widget-heading\" data-id=\"ecfe119\" data-element_type=\"widget\" data-widget_type=\"heading.default\">\n\t\t\t\t<div class=\"elementor-widget-container\">\n\t\t\t<style>\/*! elementor - v3.16.0 - 17-10-2023 *\/\n.elementor-heading-title{padding:0;margin:0;line-height:1}.elementor-widget-heading .elementor-heading-title[class*=elementor-size-]>a{color:inherit;font-size:inherit;line-height:inherit}.elementor-widget-heading .elementor-heading-title.elementor-size-small{font-size:15px}.elementor-widget-heading .elementor-heading-title.elementor-size-medium{font-size:19px}.elementor-widget-heading .elementor-heading-title.elementor-size-large{font-size:29px}.elementor-widget-heading .elementor-heading-title.elementor-size-xl{font-size:39px}.elementor-widget-heading .elementor-heading-title.elementor-size-xxl{font-size:59px}<\/style><h2 class=\"elementor-heading-title elementor-size-default\">Inteligencia Artificial<\/h2>\t\t<\/div>\n\t\t\t\t<\/div>\n\t\t\t\t<div class=\"elementor-element elementor-element-6064576 elementor-widget elementor-widget-text-editor\" data-id=\"6064576\" data-element_type=\"widget\" data-widget_type=\"text-editor.default\">\n\t\t\t\t<div class=\"elementor-widget-container\">\n\t\t\t\t\t\t\t<p>De acuerdo con Brian Comiskey, la Inteligencia Artificial (IA) seguir\u00e1 siendo una tendencia clave en el CES 2025, al igual que protagoniz\u00f3 la edici\u00f3n del a\u00f1o pasado.<\/p><p><em>\u201cEl CES 2025 y el a\u00f1o que viene se centrar\u00e1n en el retorno de toda la inversi\u00f3n que hemos visto en IA generativa durante el a\u00f1o pasado. Y se tratar\u00e1 de c\u00f3mo aumenta la productividad\u201d.<\/em><\/p><p>En este sentido, el tema de la IA se seguir\u00e1 a trav\u00e9s de tres caminos. El primero, es c\u00f3mo la IA generativa est\u00e1 evolucionando hacia agentes que puedan realizar tareas comerciales de forma aut\u00f3noma, como la gesti\u00f3n de n\u00f3mina. El segundo es la integraci\u00f3n de la IA en la pr\u00f3xima generaci\u00f3n de hardware de consumo, desde smartphones hasta pantallas, veh\u00edculos o wearables, como anteojos; transformando estos dispositivos en plataformas inteligentes y centros de comando que ofrecer\u00e1n experiencias hiper personalizadas.<\/p><p>El tercero es c\u00f3mo nos permite transformar un objeto f\u00edsico en un entorno virtual, desbloqueando la investigaci\u00f3n y el desarrollo a una fracci\u00f3n del costo. Por ejemplo, el Earth 2, un gemelo digital de toda la Tierra que permite la predicci\u00f3n y el modelado del clima.<\/p>\t\t\t\t\t\t<\/div>\n\t\t\t\t<\/div>\n\t\t\t\t<div class=\"elementor-element elementor-element-a5513b3 elementor-widget elementor-widget-image\" data-id=\"a5513b3\" data-element_type=\"widget\" data-widget_type=\"image.default\">\n\t\t\t\t<div class=\"elementor-widget-container\">\n\t\t\t<style>\/*! elementor - v3.16.0 - 17-10-2023 *\/\n.elementor-widget-image{text-align:center}.elementor-widget-image a{display:inline-block}.elementor-widget-image a img[src$=\".svg\"]{width:48px}.elementor-widget-image img{vertical-align:middle;display:inline-block}<\/style>\t\t\t\t\t\t\t\t\t<figure class=\"wp-caption\">\n\t\t\t\t\t\t\t\t\t\t<img decoding=\"async\" loading=\"lazy\" width=\"651\" height=\"643\" src=\"https:\/\/oti.unp.edu.pe\/wp-content\/uploads\/2025\/01\/Imagen-1.png\" class=\"attachment-large size-large wp-image-13597\" alt=\"\" srcset=\"https:\/\/oti.unp.edu.pe\/wp-content\/uploads\/2025\/01\/Imagen-1.png 651w, https:\/\/oti.unp.edu.pe\/wp-content\/uploads\/2025\/01\/Imagen-1-300x296.png 300w\" sizes=\"(max-width: 651px) 100vw, 651px\" \/>\t\t\t\t\t\t\t\t\t\t\t<figcaption class=\"widget-image-caption wp-caption-text\"><\/figcaption>\n\t\t\t\t\t\t\t\t\t\t<\/figure>\n\t\t\t\t\t\t\t\t\t<\/div>\n\t\t\t\t<\/div>\n\t\t\t\t<div class=\"elementor-element elementor-element-3d7022a elementor-widget elementor-widget-heading\" data-id=\"3d7022a\" data-element_type=\"widget\" data-widget_type=\"heading.default\">\n\t\t\t\t<div class=\"elementor-widget-container\">\n\t\t\t<h2 class=\"elementor-heading-title elementor-size-default\">Salud digital\/Seguridad humana<\/h2>\t\t<\/div>\n\t\t\t\t<\/div>\n\t\t\t\t<div class=\"elementor-element elementor-element-7e44a46 elementor-widget elementor-widget-text-editor\" data-id=\"7e44a46\" data-element_type=\"widget\" data-widget_type=\"text-editor.default\">\n\t\t\t\t<div class=\"elementor-widget-container\">\n\t\t\t\t\t\t\t<div class=\"text__text__1FZLe text__dark-grey__3Ml43 text__regular__2N1Xr text__small__1kGq2 body__full_width__ekUdw body__small_body__2vQyf article-body__paragraph__2-BtD\" data-testid=\"paragraph-0\"><p><strong>\u201c<em>La tecnolog\u00eda tiene una oportunidad y un papel importante en c\u00f3mo resolver y revolucionar el acceso a la salud y sus desaf\u00edos<\/em>\u201d<\/strong>, dijo Comiskey.<\/p><p>Durante la feria, se explorar\u00e1n los \u00faltimos avances en Inteligencia Artificial, el Internet de las cosas (IoT, por sus siglas en ingl\u00e9s), salud a distancia y soluciones de salud digital. Estas tecnolog\u00edas innovadoras est\u00e1n transformando la prestaci\u00f3n de servicios de atenci\u00f3n m\u00e9dica, mejorando los resultados de los pacientes y la eficiencia operativa.<\/p><p>Por ello en esta edici\u00f3n se abordar\u00e1 el futuro de la integraci\u00f3n cerebro-computadora y c\u00f3mo este tipo de tecnolog\u00eda puede mejorar la rehabilitaci\u00f3n neurol\u00f3gica y recuperar algunas funciones sensoriales y motrices. Otro enfoque es c\u00f3mo gadgets port\u00e1tiles pueden mejorar la productividad y el bienestar mental a trav\u00e9s de neurotecnolog\u00edas.<\/p><p>En cuanto a la seguridad humana, \u00e9sta se refiere principalmente a los derechos humanos como protecci\u00f3n del medio ambiente, seguridad alimentaria, acceso a atenci\u00f3n m\u00e9dica, entre otros.<\/p><\/div>\t\t\t\t\t\t<\/div>\n\t\t\t\t<\/div>\n\t\t\t\t<div class=\"elementor-element elementor-element-8998f8c elementor-widget elementor-widget-heading\" data-id=\"8998f8c\" data-element_type=\"widget\" data-widget_type=\"heading.default\">\n\t\t\t\t<div class=\"elementor-widget-container\">\n\t\t\t<h2 class=\"elementor-heading-title elementor-size-default\">Tecnolog\u00eda vehicular y movilidad avanzada<\/h2>\t\t<\/div>\n\t\t\t\t<\/div>\n\t\t\t\t<div class=\"elementor-element elementor-element-109ac46 elementor-widget elementor-widget-text-editor\" data-id=\"109ac46\" data-element_type=\"widget\" data-widget_type=\"text-editor.default\">\n\t\t\t\t<div class=\"elementor-widget-container\">\n\t\t\t\t\t\t\t<div class=\"text__text__1FZLe text__dark-grey__3Ml43 text__regular__2N1Xr text__small__1kGq2 body__full_width__ekUdw body__small_body__2vQyf article-body__paragraph__2-BtD\" data-testid=\"paragraph-0\"><p>Esta tendencia se refiere a c\u00f3mo la tecnolog\u00eda literalmente construye comunidades para ofrecer conexi\u00f3n, comodidad, contenido y cultura. En cuanto a la movilidad, las cuatro grandes tendencias del CES 2025 ser\u00e1n electrificaci\u00f3n, conectividad, autonom\u00eda e industria.<\/p><p>Tambi\u00e9n se presentar\u00e1n soluciones para los veh\u00edculos el\u00e9ctricos (autom\u00f3viles, embarcaciones, aeronaves, etc\u00e9tera), centradas en mejorar la seguridad y reducir riesgos.<\/p><\/div>\t\t\t\t\t\t<\/div>\n\t\t\t\t<\/div>\n\t\t\t\t\t<\/div>\n\t\t\t\t<\/div>\n\t\t\t\t\t\t\t<\/div>\n\t\t","protected":false},"excerpt":{"rendered":"<p>Referencia: IGNLatinoam\u00e9rica El Consumer Electronic Show (CES), la feria de<\/p>\n","protected":false},"author":1,"featured_media":13594,"comment_status":"closed","ping_status":"closed","sticky":false,"template":"","format":"standard","meta":{"footnotes":""},"categories":[52,5],"tags":[11,9],"yoast_head":"<!-- This site is optimized with the Yoast SEO plugin v23.4 - https:\/\/yoast.com\/wordpress\/plugins\/seo\/ -->\n<title>CES 2025: estos son los temas que dominar\u00e1n la feria de tecnolog\u00eda - Oficina de Tecnolog\u00eda de Informaci\u00f3n<\/title>\n<meta name=\"robots\" content=\"index, follow, max-snippet:-1, max-image-preview:large, max-video-preview:-1\" \/>\n<link rel=\"canonical\" href=\"https:\/\/oti.unp.edu.pe\/?p=13593\" \/>\n<meta property=\"og:locale\" content=\"es_ES\" \/>\n<meta property=\"og:type\" content=\"article\" \/>\n<meta property=\"og:title\" content=\"CES 2025: estos son los temas que dominar\u00e1n la feria de tecnolog\u00eda - Oficina de Tecnolog\u00eda de Informaci\u00f3n\" \/>\n<meta property=\"og:description\" content=\"Referencia: IGNLatinoam\u00e9rica El Consumer Electronic Show (CES), la feria de\" \/>\n<meta property=\"og:url\" content=\"https:\/\/oti.unp.edu.pe\/?p=13593\" \/>\n<meta property=\"og:site_name\" content=\"Oficina de Tecnolog\u00eda de Informaci\u00f3n\" \/>\n<meta property=\"article:published_time\" content=\"2025-01-07T14:02:38+00:00\" \/>\n<meta property=\"article:modified_time\" content=\"2025-01-08T13:59:21+00:00\" \/>\n<meta property=\"og:image\" content=\"https:\/\/oti.unp.edu.pe\/wp-content\/uploads\/2025\/01\/Imagen.png\" \/>\n\t<meta property=\"og:image:width\" content=\"1281\" \/>\n\t<meta property=\"og:image:height\" content=\"621\" \/>\n\t<meta property=\"og:image:type\" content=\"image\/png\" \/>\n<meta name=\"author\" content=\"desarrollo\" \/>\n<meta name=\"twitter:card\" content=\"summary_large_image\" \/>\n<meta name=\"twitter:label1\" content=\"Escrito por\" \/>\n\t<meta name=\"twitter:data1\" content=\"desarrollo\" \/>\n\t<meta name=\"twitter:label2\" content=\"Tiempo de lectura\" \/>\n\t<meta name=\"twitter:data2\" content=\"4 minutos\" \/>\n<script type=\"application\/ld+json\" class=\"yoast-schema-graph\">{\"@context\":\"https:\/\/schema.org\",\"@graph\":[{\"@type\":\"Article\",\"@id\":\"https:\/\/oti.unp.edu.pe\/?p=13593#article\",\"isPartOf\":{\"@id\":\"https:\/\/oti.unp.edu.pe\/?p=13593\"},\"author\":{\"name\":\"desarrollo\",\"@id\":\"https:\/\/oti.unp.edu.pe\/#\/schema\/person\/cd1a72f9fc6e687ed893287bdf45a99c\"},\"headline\":\"CES 2025: estos son los temas que dominar\u00e1n la feria de tecnolog\u00eda\",\"datePublished\":\"2025-01-07T14:02:38+00:00\",\"dateModified\":\"2025-01-08T13:59:21+00:00\",\"mainEntityOfPage\":{\"@id\":\"https:\/\/oti.unp.edu.pe\/?p=13593\"},\"wordCount\":714,\"publisher\":{\"@id\":\"https:\/\/oti.unp.edu.pe\/#organization\"},\"image\":{\"@id\":\"https:\/\/oti.unp.edu.pe\/?p=13593#primaryimage\"},\"thumbnailUrl\":\"https:\/\/oti.unp.edu.pe\/wp-content\/uploads\/2025\/01\/Imagen.png\",\"keywords\":[\"Informaci\u00f3n\",\"O.T.I.\"],\"articleSection\":[\"Mundo\",\"Tecnolog\u00eda\"],\"inLanguage\":\"es\"},{\"@type\":\"WebPage\",\"@id\":\"https:\/\/oti.unp.edu.pe\/?p=13593\",\"url\":\"https:\/\/oti.unp.edu.pe\/?p=13593\",\"name\":\"CES 2025: estos son los temas que dominar\u00e1n la feria de tecnolog\u00eda - Oficina de Tecnolog\u00eda de Informaci\u00f3n\",\"isPartOf\":{\"@id\":\"https:\/\/oti.unp.edu.pe\/#website\"},\"primaryImageOfPage\":{\"@id\":\"https:\/\/oti.unp.edu.pe\/?p=13593#primaryimage\"},\"image\":{\"@id\":\"https:\/\/oti.unp.edu.pe\/?p=13593#primaryimage\"},\"thumbnailUrl\":\"https:\/\/oti.unp.edu.pe\/wp-content\/uploads\/2025\/01\/Imagen.png\",\"datePublished\":\"2025-01-07T14:02:38+00:00\",\"dateModified\":\"2025-01-08T13:59:21+00:00\",\"breadcrumb\":{\"@id\":\"https:\/\/oti.unp.edu.pe\/?p=13593#breadcrumb\"},\"inLanguage\":\"es\",\"potentialAction\":[{\"@type\":\"ReadAction\",\"target\":[\"https:\/\/oti.unp.edu.pe\/?p=13593\"]}]},{\"@type\":\"ImageObject\",\"inLanguage\":\"es\",\"@id\":\"https:\/\/oti.unp.edu.pe\/?p=13593#primaryimage\",\"url\":\"https:\/\/oti.unp.edu.pe\/wp-content\/uploads\/2025\/01\/Imagen.png\",\"contentUrl\":\"https:\/\/oti.unp.edu.pe\/wp-content\/uploads\/2025\/01\/Imagen.png\",\"width\":1281,\"height\":621},{\"@type\":\"BreadcrumbList\",\"@id\":\"https:\/\/oti.unp.edu.pe\/?p=13593#breadcrumb\",\"itemListElement\":[{\"@type\":\"ListItem\",\"position\":1,\"name\":\"Portada\",\"item\":\"https:\/\/oti.unp.edu.pe\/\"},{\"@type\":\"ListItem\",\"position\":2,\"name\":\"CES 2025: estos son los temas que dominar\u00e1n la feria de tecnolog\u00eda\"}]},{\"@type\":\"WebSite\",\"@id\":\"https:\/\/oti.unp.edu.pe\/#website\",\"url\":\"https:\/\/oti.unp.edu.pe\/\",\"name\":\"Oficina de Tecnolog\u00eda de Informaci\u00f3n\",\"description\":\"\",\"publisher\":{\"@id\":\"https:\/\/oti.unp.edu.pe\/#organization\"},\"potentialAction\":[{\"@type\":\"SearchAction\",\"target\":{\"@type\":\"EntryPoint\",\"urlTemplate\":\"https:\/\/oti.unp.edu.pe\/?s={search_term_string}\"},\"query-input\":{\"@type\":\"PropertyValueSpecification\",\"valueRequired\":true,\"valueName\":\"search_term_string\"}}],\"inLanguage\":\"es\"},{\"@type\":\"Organization\",\"@id\":\"https:\/\/oti.unp.edu.pe\/#organization\",\"name\":\"Oficina de Tecnolog\u00eda de Informaci\u00f3n\",\"url\":\"https:\/\/oti.unp.edu.pe\/\",\"logo\":{\"@type\":\"ImageObject\",\"inLanguage\":\"es\",\"@id\":\"https:\/\/oti.unp.edu.pe\/#\/schema\/logo\/image\/\",\"url\":\"https:\/\/oti.unp.edu.pe\/wp-content\/uploads\/2025\/01\/Google_org-Accelerator_-Generative-AI-abre-convocatoria-global-para-proyectos-de-IA-generativa-Exitosa-Noticias.jpg\",\"contentUrl\":\"https:\/\/oti.unp.edu.pe\/wp-content\/uploads\/2025\/01\/Google_org-Accelerator_-Generative-AI-abre-convocatoria-global-para-proyectos-de-IA-generativa-Exitosa-Noticias.jpg\",\"width\":736,\"height\":385,\"caption\":\"Oficina de Tecnolog\u00eda de Informaci\u00f3n\"},\"image\":{\"@id\":\"https:\/\/oti.unp.edu.pe\/#\/schema\/logo\/image\/\"}},{\"@type\":\"Person\",\"@id\":\"https:\/\/oti.unp.edu.pe\/#\/schema\/person\/cd1a72f9fc6e687ed893287bdf45a99c\",\"name\":\"desarrollo\",\"image\":{\"@type\":\"ImageObject\",\"inLanguage\":\"es\",\"@id\":\"https:\/\/oti.unp.edu.pe\/#\/schema\/person\/image\/\",\"url\":\"https:\/\/secure.gravatar.com\/avatar\/b427551bf20fc881b31393ff4e3d669c?s=96&d=mm&r=g\",\"contentUrl\":\"https:\/\/secure.gravatar.com\/avatar\/b427551bf20fc881b31393ff4e3d669c?s=96&d=mm&r=g\",\"caption\":\"desarrollo\"},\"sameAs\":[\"https:\/\/oti.unp.edu.pe\/webotiunp\"],\"url\":\"https:\/\/oti.unp.edu.pe\/?author=1\"}]}<\/script>\n<!-- \/ Yoast SEO plugin. -->","yoast_head_json":{"title":"CES 2025: estos son los temas que dominar\u00e1n la feria de tecnolog\u00eda - Oficina de Tecnolog\u00eda de Informaci\u00f3n","robots":{"index":"index","follow":"follow","max-snippet":"max-snippet:-1","max-image-preview":"max-image-preview:large","max-video-preview":"max-video-preview:-1"},"canonical":"https:\/\/oti.unp.edu.pe\/?p=13593","og_locale":"es_ES","og_type":"article","og_title":"CES 2025: estos son los temas que dominar\u00e1n la feria de tecnolog\u00eda - Oficina de Tecnolog\u00eda de Informaci\u00f3n","og_description":"Referencia: IGNLatinoam\u00e9rica El Consumer Electronic Show (CES), la feria de","og_url":"https:\/\/oti.unp.edu.pe\/?p=13593","og_site_name":"Oficina de Tecnolog\u00eda de Informaci\u00f3n","article_published_time":"2025-01-07T14:02:38+00:00","article_modified_time":"2025-01-08T13:59:21+00:00","og_image":[{"width":1281,"height":621,"url":"https:\/\/oti.unp.edu.pe\/wp-content\/uploads\/2025\/01\/Imagen.png","type":"image\/png"}],"author":"desarrollo","twitter_card":"summary_large_image","twitter_misc":{"Escrito por":"desarrollo","Tiempo de lectura":"4 minutos"},"schema":{"@context":"https:\/\/schema.org","@graph":[{"@type":"Article","@id":"https:\/\/oti.unp.edu.pe\/?p=13593#article","isPartOf":{"@id":"https:\/\/oti.unp.edu.pe\/?p=13593"},"author":{"name":"desarrollo","@id":"https:\/\/oti.unp.edu.pe\/#\/schema\/person\/cd1a72f9fc6e687ed893287bdf45a99c"},"headline":"CES 2025: estos son los temas que dominar\u00e1n la feria de tecnolog\u00eda","datePublished":"2025-01-07T14:02:38+00:00","dateModified":"2025-01-08T13:59:21+00:00","mainEntityOfPage":{"@id":"https:\/\/oti.unp.edu.pe\/?p=13593"},"wordCount":714,"publisher":{"@id":"https:\/\/oti.unp.edu.pe\/#organization"},"image":{"@id":"https:\/\/oti.unp.edu.pe\/?p=13593#primaryimage"},"thumbnailUrl":"https:\/\/oti.unp.edu.pe\/wp-content\/uploads\/2025\/01\/Imagen.png","keywords":["Informaci\u00f3n","O.T.I."],"articleSection":["Mundo","Tecnolog\u00eda"],"inLanguage":"es"},{"@type":"WebPage","@id":"https:\/\/oti.unp.edu.pe\/?p=13593","url":"https:\/\/oti.unp.edu.pe\/?p=13593","name":"CES 2025: estos son los temas que dominar\u00e1n la feria de tecnolog\u00eda - Oficina de Tecnolog\u00eda de Informaci\u00f3n","isPartOf":{"@id":"https:\/\/oti.unp.edu.pe\/#website"},"primaryImageOfPage":{"@id":"https:\/\/oti.unp.edu.pe\/?p=13593#primaryimage"},"image":{"@id":"https:\/\/oti.unp.edu.pe\/?p=13593#primaryimage"},"thumbnailUrl":"https:\/\/oti.unp.edu.pe\/wp-content\/uploads\/2025\/01\/Imagen.png","datePublished":"2025-01-07T14:02:38+00:00","dateModified":"2025-01-08T13:59:21+00:00","breadcrumb":{"@id":"https:\/\/oti.unp.edu.pe\/?p=13593#breadcrumb"},"inLanguage":"es","potentialAction":[{"@type":"ReadAction","target":["https:\/\/oti.unp.edu.pe\/?p=13593"]}]},{"@type":"ImageObject","inLanguage":"es","@id":"https:\/\/oti.unp.edu.pe\/?p=13593#primaryimage","url":"https:\/\/oti.unp.edu.pe\/wp-content\/uploads\/2025\/01\/Imagen.png","contentUrl":"https:\/\/oti.unp.edu.pe\/wp-content\/uploads\/2025\/01\/Imagen.png","width":1281,"height":621},{"@type":"BreadcrumbList","@id":"https:\/\/oti.unp.edu.pe\/?p=13593#breadcrumb","itemListElement":[{"@type":"ListItem","position":1,"name":"Portada","item":"https:\/\/oti.unp.edu.pe\/"},{"@type":"ListItem","position":2,"name":"CES 2025: estos son los temas que dominar\u00e1n la feria de tecnolog\u00eda"}]},{"@type":"WebSite","@id":"https:\/\/oti.unp.edu.pe\/#website","url":"https:\/\/oti.unp.edu.pe\/","name":"Oficina de Tecnolog\u00eda de Informaci\u00f3n","description":"","publisher":{"@id":"https:\/\/oti.unp.edu.pe\/#organization"},"potentialAction":[{"@type":"SearchAction","target":{"@type":"EntryPoint","urlTemplate":"https:\/\/oti.unp.edu.pe\/?s={search_term_string}"},"query-input":{"@type":"PropertyValueSpecification","valueRequired":true,"valueName":"search_term_string"}}],"inLanguage":"es"},{"@type":"Organization","@id":"https:\/\/oti.unp.edu.pe\/#organization","name":"Oficina de Tecnolog\u00eda de Informaci\u00f3n","url":"https:\/\/oti.unp.edu.pe\/","logo":{"@type":"ImageObject","inLanguage":"es","@id":"https:\/\/oti.unp.edu.pe\/#\/schema\/logo\/image\/","url":"https:\/\/oti.unp.edu.pe\/wp-content\/uploads\/2025\/01\/Google_org-Accelerator_-Generative-AI-abre-convocatoria-global-para-proyectos-de-IA-generativa-Exitosa-Noticias.jpg","contentUrl":"https:\/\/oti.unp.edu.pe\/wp-content\/uploads\/2025\/01\/Google_org-Accelerator_-Generative-AI-abre-convocatoria-global-para-proyectos-de-IA-generativa-Exitosa-Noticias.jpg","width":736,"height":385,"caption":"Oficina de Tecnolog\u00eda de Informaci\u00f3n"},"image":{"@id":"https:\/\/oti.unp.edu.pe\/#\/schema\/logo\/image\/"}},{"@type":"Person","@id":"https:\/\/oti.unp.edu.pe\/#\/schema\/person\/cd1a72f9fc6e687ed893287bdf45a99c","name":"desarrollo","image":{"@type":"ImageObject","inLanguage":"es","@id":"https:\/\/oti.unp.edu.pe\/#\/schema\/person\/image\/","url":"https:\/\/secure.gravatar.com\/avatar\/b427551bf20fc881b31393ff4e3d669c?s=96&d=mm&r=g","contentUrl":"https:\/\/secure.gravatar.com\/avatar\/b427551bf20fc881b31393ff4e3d669c?s=96&d=mm&r=g","caption":"desarrollo"},"sameAs":["https:\/\/oti.unp.edu.pe\/webotiunp"],"url":"https:\/\/oti.unp.edu.pe\/?author=1"}]}},"_links":{"self":[{"href":"https:\/\/oti.unp.edu.pe\/index.php?rest_route=\/wp\/v2\/posts\/13593"}],"collection":[{"href":"https:\/\/oti.unp.edu.pe\/index.php?rest_route=\/wp\/v2\/posts"}],"about":[{"href":"https:\/\/oti.unp.edu.pe\/index.php?rest_route=\/wp\/v2\/types\/post"}],"author":[{"embeddable":true,"href":"https:\/\/oti.unp.edu.pe\/index.php?rest_route=\/wp\/v2\/users\/1"}],"replies":[{"embeddable":true,"href":"https:\/\/oti.unp.edu.pe\/index.php?rest_route=%2Fwp%2Fv2%2Fcomments&post=13593"}],"version-history":[{"count":6,"href":"https:\/\/oti.unp.edu.pe\/index.php?rest_route=\/wp\/v2\/posts\/13593\/revisions"}],"predecessor-version":[{"id":13601,"href":"https:\/\/oti.unp.edu.pe\/index.php?rest_route=\/wp\/v2\/posts\/13593\/revisions\/13601"}],"wp:featuredmedia":[{"embeddable":true,"href":"https:\/\/oti.unp.edu.pe\/index.php?rest_route=\/wp\/v2\/media\/13594"}],"wp:attachment":[{"href":"https:\/\/oti.unp.edu.pe\/index.php?rest_route=%2Fwp%2Fv2%2Fmedia&parent=13593"}],"wp:term":[{"taxonomy":"category","embeddable":true,"href":"https:\/\/oti.unp.edu.pe\/index.php?rest_route=%2Fwp%2Fv2%2Fcategories&post=13593"},{"taxonomy":"post_tag","embeddable":true,"href":"https:\/\/oti.unp.edu.pe\/index.php?rest_route=%2Fwp%2Fv2%2Ftags&post=13593"}],"curies":[{"name":"wp","href":"https:\/\/api.w.org\/{rel}","templated":true}]}}